{"id":6389,"date":"2018-08-22T15:05:05","date_gmt":"2018-08-22T18:05:05","guid":{"rendered":"https:\/\/www.micaprogram.be\/1st-mica-national-day-2018\/"},"modified":"2022-08-03T11:41:12","modified_gmt":"2022-08-03T14:41:12","slug":"1st-mica-national-day-2018","status":"publish","type":"post","link":"https:\/\/www.micaprogram.be\/fr\/1st-mica-national-day-2018\/","title":{"rendered":"1st MICA NATIONAL DAY (2018)"},"content":{"rendered":"<p>La 1\u00e8re Journ\u00e9e Nationale du MICA a \u00e9t\u00e9 un succ\u00e8s ! Nous avons pu prendre connaissance des mises \u00e0 jour, des nouvelles et des informations ax\u00e9es sur le profil \u00e9pid\u00e9miologique belge des soins intensifs pour la gestion et la recherche clinique. La Journ\u00e9e nationale du MICA est une conf\u00e9rence annuelle de pr\u00e9sentation de cas, de projets et d&#8217;\u00e9tudes scientifiques.<\/p>\n","protected":false},"excerpt":{"rendered":"<p>La 1\u00e8re Journ\u00e9e Nationale du MICA a \u00e9t\u00e9 un succ\u00e8s ! Nous avons pu prendre connaissance des mises \u00e0 jour, des nouvelles et des informations ax\u00e9es sur le profil \u00e9pid\u00e9miologique belge des soins intensifs pour la gestion et la recherche clinique. La Journ\u00e9e nationale du MICA est une conf\u00e9rence annuelle de pr\u00e9sentation de cas, de [&hellip;]<\/p>\n","protected":false},"author":1,"featured_media":6176,"comment_status":"open","ping_status":"open","sticky":false,"template":"","format":"standard","meta":{"footnotes":""},"categories":[1],"tags":[],"acf":[],"yoast_head":"<!-- This site is optimized with the Yoast SEO plugin v21.2 - https:\/\/yoast.com\/wordpress\/plugins\/seo\/ -->\r\n<title>1st MICA NATIONAL DAY (2018) - MICA Program<\/title>\r\n<meta name=\"robots\" content=\"index, follow, max-snippet:-1, max-image-preview:large, max-video-preview:-1\" \/>\r\n<link rel=\"canonical\" href=\"https:\/\/www.micaprogram.be\/fr\/1st-mica-national-day-2018\/\" \/>\r\n<meta property=\"og:locale\" content=\"fr_FR\" \/>\r\n<meta property=\"og:type\" content=\"article\" \/>\r\n<meta property=\"og:title\" content=\"1st MICA NATIONAL DAY (2018) - MICA Program\" \/>\r\n<meta property=\"og:description\" content=\"La 1\u00e8re Journ\u00e9e Nationale du MICA a \u00e9t\u00e9 un succ\u00e8s ! Nous avons pu prendre connaissance des mises \u00e0 jour, des nouvelles et des informations ax\u00e9es sur le profil \u00e9pid\u00e9miologique belge des soins intensifs pour la gestion et la recherche clinique. La Journ\u00e9e nationale du MICA est une conf\u00e9rence annuelle de pr\u00e9sentation de cas, de [&hellip;]\" \/>\r\n<meta property=\"og:url\" content=\"https:\/\/www.micaprogram.be\/fr\/1st-mica-national-day-2018\/\" \/>\r\n<meta property=\"og:site_name\" content=\"MICA Program\" \/>\r\n<meta property=\"article:published_time\" content=\"2018-08-22T18:05:05+00:00\" \/>\r\n<meta property=\"article:modified_time\" content=\"2022-08-03T14:41:12+00:00\" \/>\r\n<meta property=\"og:image\" content=\"https:\/\/www.micaprogram.be\/wp-content\/uploads\/2022\/02\/BANNER-MICA-2018-nuvens-1024x380.png\" \/>\r\n\t<meta property=\"og:image:width\" content=\"1024\" \/>\r\n\t<meta property=\"og:image:height\" content=\"380\" \/>\r\n\t<meta property=\"og:image:type\" content=\"image\/png\" \/>\r\n<meta name=\"author\" content=\"MicaProject\" \/>\r\n<meta name=\"twitter:card\" content=\"summary_large_image\" \/>\r\n<meta name=\"twitter:label1\" content=\"Written by\" \/>\n\t<meta name=\"twitter:data1\" content=\"MicaProject\" \/>\n\t<meta name=\"twitter:label2\" content=\"Est. reading time\" \/>\n\t<meta name=\"twitter:data2\" content=\"1 minute\" \/>\r\n<script type=\"application\/ld+json\" class=\"yoast-schema-graph\">{\"@context\":\"https:\/\/schema.org\",\"@graph\":[{\"@type\":\"Article\",\"@id\":\"https:\/\/www.micaprogram.be\/fr\/1st-mica-national-day-2018\/#article\",\"isPartOf\":{\"@id\":\"https:\/\/www.micaprogram.be\/fr\/1st-mica-national-day-2018\/\"},\"author\":{\"name\":\"MicaProject\",\"@id\":\"https:\/\/www.micaprogram.be\/#\/schema\/person\/2bd5fcc20f7d331c0bf878d8fed629f9\"},\"headline\":\"1st MICA NATIONAL DAY (2018)\",\"datePublished\":\"2018-08-22T18:05:05+00:00\",\"dateModified\":\"2022-08-03T14:41:12+00:00\",\"mainEntityOfPage\":{\"@id\":\"https:\/\/www.micaprogram.be\/fr\/1st-mica-national-day-2018\/\"},\"wordCount\":69,\"commentCount\":0,\"publisher\":{\"@id\":\"https:\/\/www.micaprogram.be\/#organization\"},\"articleSection\":[\"uncategorized\"],\"inLanguage\":\"fr-FR\",\"potentialAction\":[{\"@type\":\"CommentAction\",\"name\":\"Comment\",\"target\":[\"https:\/\/www.micaprogram.be\/fr\/1st-mica-national-day-2018\/#respond\"]}]},{\"@type\":\"WebPage\",\"@id\":\"https:\/\/www.micaprogram.be\/fr\/1st-mica-national-day-2018\/\",\"url\":\"https:\/\/www.micaprogram.be\/fr\/1st-mica-national-day-2018\/\",\"name\":\"1st MICA NATIONAL DAY (2018) - MICA Program\",\"isPartOf\":{\"@id\":\"https:\/\/www.micaprogram.be\/#website\"},\"datePublished\":\"2018-08-22T18:05:05+00:00\",\"dateModified\":\"2022-08-03T14:41:12+00:00\",\"inLanguage\":\"fr-FR\",\"potentialAction\":[{\"@type\":\"ReadAction\",\"target\":[\"https:\/\/www.micaprogram.be\/fr\/1st-mica-national-day-2018\/\"]}]},{\"@type\":\"WebSite\",\"@id\":\"https:\/\/www.micaprogram.be\/#website\",\"url\":\"https:\/\/www.micaprogram.be\/\",\"name\":\"MICA Program\",\"description\":\"Monitoring Intensive Care Activities\",\"publisher\":{\"@id\":\"https:\/\/www.micaprogram.be\/#organization\"},\"potentialAction\":[{\"@type\":\"SearchAction\",\"target\":{\"@type\":\"EntryPoint\",\"urlTemplate\":\"https:\/\/www.micaprogram.be\/?s={search_term_string}\"},\"query-input\":\"required name=search_term_string\"}],\"inLanguage\":\"fr-FR\"},{\"@type\":\"Organization\",\"@id\":\"https:\/\/www.micaprogram.be\/#organization\",\"name\":\"MICA Program\",\"url\":\"https:\/\/www.micaprogram.be\/\",\"logo\":{\"@type\":\"ImageObject\",\"inLanguage\":\"fr-FR\",\"@id\":\"https:\/\/www.micaprogram.be\/#\/schema\/logo\/image\/\",\"url\":\"https:\/\/www.micaprogram.be\/wp-content\/uploads\/2023\/06\/cropped-mica-logo-small-1.png\",\"contentUrl\":\"https:\/\/www.micaprogram.be\/wp-content\/uploads\/2023\/06\/cropped-mica-logo-small-1.png\",\"width\":197,\"height\":80,\"caption\":\"MICA Program\"},\"image\":{\"@id\":\"https:\/\/www.micaprogram.be\/#\/schema\/logo\/image\/\"}},{\"@type\":\"Person\",\"@id\":\"https:\/\/www.micaprogram.be\/#\/schema\/person\/2bd5fcc20f7d331c0bf878d8fed629f9\",\"name\":\"MicaProject\",\"image\":{\"@type\":\"ImageObject\",\"inLanguage\":\"fr-FR\",\"@id\":\"https:\/\/www.micaprogram.be\/#\/schema\/person\/image\/\",\"url\":\"https:\/\/secure.gravatar.com\/avatar\/b7a8b25d52e0de20d2e809aea0907a79?s=96&d=mm&r=g\",\"contentUrl\":\"https:\/\/secure.gravatar.com\/avatar\/b7a8b25d52e0de20d2e809aea0907a79?s=96&d=mm&r=g\",\"caption\":\"MicaProject\"},\"sameAs\":[\"http:\/\/www.micaproject.be\/mica2021\",\"epimedmica\"],\"url\":\"https:\/\/www.micaprogram.be\/fr\/author\/epimedmica\/\"}]}<\/script>\r\n<!-- \/ Yoast SEO plugin. -->","yoast_head_json":{"title":"1st MICA NATIONAL DAY (2018) - MICA Program","robots":{"index":"index","follow":"follow","max-snippet":"max-snippet:-1","max-image-preview":"max-image-preview:large","max-video-preview":"max-video-preview:-1"},"canonical":"https:\/\/www.micaprogram.be\/fr\/1st-mica-national-day-2018\/","og_locale":"fr_FR","og_type":"article","og_title":"1st MICA NATIONAL DAY (2018) - MICA Program","og_description":"La 1\u00e8re Journ\u00e9e Nationale du MICA a \u00e9t\u00e9 un succ\u00e8s ! Nous avons pu prendre connaissance des mises \u00e0 jour, des nouvelles et des informations ax\u00e9es sur le profil \u00e9pid\u00e9miologique belge des soins intensifs pour la gestion et la recherche clinique. La Journ\u00e9e nationale du MICA est une conf\u00e9rence annuelle de pr\u00e9sentation de cas, de [&hellip;]","og_url":"https:\/\/www.micaprogram.be\/fr\/1st-mica-national-day-2018\/","og_site_name":"MICA Program","article_published_time":"2018-08-22T18:05:05+00:00","article_modified_time":"2022-08-03T14:41:12+00:00","og_image":[{"width":1024,"height":380,"url":"https:\/\/www.micaprogram.be\/wp-content\/uploads\/2022\/02\/BANNER-MICA-2018-nuvens-1024x380.png","type":"image\/png"}],"author":"MicaProject","twitter_card":"summary_large_image","twitter_misc":{"Written by":"MicaProject","Est. reading time":"1 minute"},"schema":{"@context":"https:\/\/schema.org","@graph":[{"@type":"Article","@id":"https:\/\/www.micaprogram.be\/fr\/1st-mica-national-day-2018\/#article","isPartOf":{"@id":"https:\/\/www.micaprogram.be\/fr\/1st-mica-national-day-2018\/"},"author":{"name":"MicaProject","@id":"https:\/\/www.micaprogram.be\/#\/schema\/person\/2bd5fcc20f7d331c0bf878d8fed629f9"},"headline":"1st MICA NATIONAL DAY (2018)","datePublished":"2018-08-22T18:05:05+00:00","dateModified":"2022-08-03T14:41:12+00:00","mainEntityOfPage":{"@id":"https:\/\/www.micaprogram.be\/fr\/1st-mica-national-day-2018\/"},"wordCount":69,"commentCount":0,"publisher":{"@id":"https:\/\/www.micaprogram.be\/#organization"},"articleSection":["uncategorized"],"inLanguage":"fr-FR","potentialAction":[{"@type":"CommentAction","name":"Comment","target":["https:\/\/www.micaprogram.be\/fr\/1st-mica-national-day-2018\/#respond"]}]},{"@type":"WebPage","@id":"https:\/\/www.micaprogram.be\/fr\/1st-mica-national-day-2018\/","url":"https:\/\/www.micaprogram.be\/fr\/1st-mica-national-day-2018\/","name":"1st MICA NATIONAL DAY (2018) - MICA Program","isPartOf":{"@id":"https:\/\/www.micaprogram.be\/#website"},"datePublished":"2018-08-22T18:05:05+00:00","dateModified":"2022-08-03T14:41:12+00:00","inLanguage":"fr-FR","potentialAction":[{"@type":"ReadAction","target":["https:\/\/www.micaprogram.be\/fr\/1st-mica-national-day-2018\/"]}]},{"@type":"WebSite","@id":"https:\/\/www.micaprogram.be\/#website","url":"https:\/\/www.micaprogram.be\/","name":"MICA Program","description":"Monitoring Intensive Care Activities","publisher":{"@id":"https:\/\/www.micaprogram.be\/#organization"},"potentialAction":[{"@type":"SearchAction","target":{"@type":"EntryPoint","urlTemplate":"https:\/\/www.micaprogram.be\/?s={search_term_string}"},"query-input":"required name=search_term_string"}],"inLanguage":"fr-FR"},{"@type":"Organization","@id":"https:\/\/www.micaprogram.be\/#organization","name":"MICA Program","url":"https:\/\/www.micaprogram.be\/","logo":{"@type":"ImageObject","inLanguage":"fr-FR","@id":"https:\/\/www.micaprogram.be\/#\/schema\/logo\/image\/","url":"https:\/\/www.micaprogram.be\/wp-content\/uploads\/2023\/06\/cropped-mica-logo-small-1.png","contentUrl":"https:\/\/www.micaprogram.be\/wp-content\/uploads\/2023\/06\/cropped-mica-logo-small-1.png","width":197,"height":80,"caption":"MICA Program"},"image":{"@id":"https:\/\/www.micaprogram.be\/#\/schema\/logo\/image\/"}},{"@type":"Person","@id":"https:\/\/www.micaprogram.be\/#\/schema\/person\/2bd5fcc20f7d331c0bf878d8fed629f9","name":"MicaProject","image":{"@type":"ImageObject","inLanguage":"fr-FR","@id":"https:\/\/www.micaprogram.be\/#\/schema\/person\/image\/","url":"https:\/\/secure.gravatar.com\/avatar\/b7a8b25d52e0de20d2e809aea0907a79?s=96&d=mm&r=g","contentUrl":"https:\/\/secure.gravatar.com\/avatar\/b7a8b25d52e0de20d2e809aea0907a79?s=96&d=mm&r=g","caption":"MicaProject"},"sameAs":["http:\/\/www.micaproject.be\/mica2021","epimedmica"],"url":"https:\/\/www.micaprogram.be\/fr\/author\/epimedmica\/"}]}},"_links":{"self":[{"href":"https:\/\/www.micaprogram.be\/fr\/wp-json\/wp\/v2\/posts\/6389"}],"collection":[{"href":"https:\/\/www.micaprogram.be\/fr\/wp-json\/wp\/v2\/posts"}],"about":[{"href":"https:\/\/www.micaprogram.be\/fr\/wp-json\/wp\/v2\/types\/post"}],"author":[{"embeddable":true,"href":"https:\/\/www.micaprogram.be\/fr\/wp-json\/wp\/v2\/users\/1"}],"replies":[{"embeddable":true,"href":"https:\/\/www.micaprogram.be\/fr\/wp-json\/wp\/v2\/comments?post=6389"}],"version-history":[{"count":1,"href":"https:\/\/www.micaprogram.be\/fr\/wp-json\/wp\/v2\/posts\/6389\/revisions"}],"predecessor-version":[{"id":6548,"href":"https:\/\/www.micaprogram.be\/fr\/wp-json\/wp\/v2\/posts\/6389\/revisions\/6548"}],"wp:featuredmedia":[{"embeddable":true,"href":"https:\/\/www.micaprogram.be\/fr\/wp-json\/wp\/v2\/media\/6176"}],"wp:attachment":[{"href":"https:\/\/www.micaprogram.be\/fr\/wp-json\/wp\/v2\/media?parent=6389"}],"wp:term":[{"taxonomy":"category","embeddable":true,"href":"https:\/\/www.micaprogram.be\/fr\/wp-json\/wp\/v2\/categories?post=6389"},{"taxonomy":"post_tag","embeddable":true,"href":"https:\/\/www.micaprogram.be\/fr\/wp-json\/wp\/v2\/tags?post=6389"}],"curies":[{"name":"wp","href":"https:\/\/api.w.org\/{rel}","templated":true}]}}